{"provider_url": "https://www.paulista.pb.leg.br", "title": "Hist\u00f3ria", "html": "<p>\u00a0</p>\r\n<h2 style=\"text-align: center; \"><strong>Hist\u00f3ria da cidade de Paulista - PB</strong></h2>\r\n<p><strong><br /></strong></p>\r\n<p style=\"text-align: justify; \">Nos fins do s\u00e9culo XVII, haviam passado pelo local Oliveira Ledo e Arruda C\u00e2mara, os quais teriam deixado na \u00e1rea onde hoje figura o munic\u00edpio, vest\u00edgios de uma povoa\u00e7\u00e3o.</p>\r\n<p style=\"text-align: justify; \">O atual munic\u00edpio de Paulista tem sua hist\u00f3ria iniciada em 1851, quando o rico propriet\u00e1rio local, capit\u00e3o-mor Jos\u00e9 F\u00e9lix Machado, doou o terreno para o seu patrim\u00f4nio. Foi logo constru\u00edda uma capela, que ficou pronta no mesmo ano e oferecida a S\u00e3o Jos\u00e9.</p>\r\n<p style=\"text-align: justify; \">A povoa\u00e7\u00e3o foi se formando na d\u00e9cada de 1930, per\u00edodo da constru\u00e7\u00e3o dos a\u00e7udes de Coremas (Coremas) e Boqueir\u00e3o (Cajazeiras), que deram pereniza\u00e7\u00e3o ao rio Piranhas que corta o munic\u00edpio de sul a norte. O aglomerado tomou impulso, desenvolvendo-se rapidamente com a explora\u00e7\u00e3o das lavouras e cria\u00e7\u00e3o de gado.</p>\r\n<p style=\"text-align: justify; \">Acredita-se que o nome do munic\u00edpio tenha sido dado em homenagem a um paulista, Domingos Jorge Velho, que esteve na regi\u00e3o deixando sua marca e os primeiros vest\u00edgios de uma povoa\u00e7\u00e3o.</p>\r\n<p>Gent\u00edlico: paulistense ou paulistano.</p>\r\n<p>Forma\u00e7\u00e3o Administrativa</p>\r\n<p>Em divis\u00f5es territoriais datadas de 31-12-1936 e 31-12-1937, figura no munic\u00edpio Pombal o distrito de Paulista.</p>\r\n<p>Pelo decreto-lei estadual n\u00ba 520, de 31-12-1943, o distrito de Paulista passou a denominar-se Piranha.</p>\r\n<p>No quadro fixado para vigorar no per\u00edodo de 1944-1948, o distrito de Piranha ex-Paulista, figura no munic\u00edpio de Pombal.</p>\r\n<p>Pela lei estadual n\u00ba 318, de 07-01-1949, o distrito de Piranha voltou a denominar-se Paulista.</p>\r\n<p>Em divis\u00e3o territorial datada de 01-07-1950, o distrito Piranha, figura no munic\u00edpio de Pombal.</p>\r\n<p>Assim permanecendo em divis\u00e3o territorial datada de 01-07-1960.</p>\r\n<p style=\"text-align: justify; \">Elevado \u00e0 categoria de munic\u00edpio com a denomina\u00e7\u00e3o de Paulista, pela lei estadual n\u00ba 2666, de 22-12-1961, desmembrado de Pombal. Sede no antigo distrito de Paulista. Constitu\u00eddo do distrito sede. Instalado em 31-12-1961.</p>\r\n<p>Em divis\u00e3o territorial datada de 31-12-1963, o munic\u00edpio \u00e9 constitu\u00eddo do distrito sede.</p>\r\n<p>Assim permanecendo em divis\u00e3o territorial datada de 18-08-1988.</p>\r\n<p>Pela lei estadual n\u00ba 4108, de 21-11-1979, \u00e9 criado o distrito de Mimoso e anexado ao munic\u00edpio de Paulista.</p>\r\n<p>Em divis\u00e3o territorial datada de 18-08-1988, o munic\u00edpio \u00e9 constitu\u00eddo de 2 distritos: Paulista e Mimoso.</p>\r\n<p>Pela lei municipal n\u00ba 91, de 08-07-1991, \u00e9 criado o distrito de Ipueiras e anexado ao munic\u00edpio de Paulista.</p>\r\n<p>Em divis\u00e3o territorial datada de 2003, o munic\u00edpio \u00e9 constitu\u00eddo de 3 distritos: Paulista, Ipueiras e Mimoso.</p>\r\n<p>Assim permanecendo em divis\u00e3o territorial datada de 2007.</p>\r\n<p>Altera\u00e7\u00f5es topon\u00edmicas distritais</p>\r\n<p>Paulista para Piranha alterado, pelo decreto-lei estadual n\u00ba 520, de 31-12-1943. Piranha para Paulista alterado, pela lei estadual n\u00ba 318, de 07-01-1949.</p>\r\n<h2><span class=\"mw-headline\" id=\"Geografia\">Geografia</span></h2>\r\n<p>O munic\u00edpio est\u00e1 inclu\u00eddo na \u00e1rea geogr\u00e1fica de abrang\u00eancia do\u00a0<a href=\"https://pt.wikipedia.org/wiki/Clima_semi%C3%A1rido\" title=\"Clima semi\u00e1rido\">semi\u00e1rido</a>\u00a0brasileiro, definida pelo\u00a0<a href=\"https://pt.wikipedia.org/wiki/Minist%C3%A9rio_da_Integra%C3%A7%C3%A3o_Nacional\" title=\"Minist\u00e9rio da Integra\u00e7\u00e3o Nacional\">Minist\u00e9rio da Integra\u00e7\u00e3o Nacional</a>\u00a0em 2005.<sup class=\"reference\" id=\"cite_ref-11\"><a href=\"https://pt.wikipedia.org/wiki/Paulista_(Para%C3%ADba)#cite_note-11\"><span>[</span>11<span>]</span></a></sup>\u00a0Esta delimita\u00e7\u00e3o tem como crit\u00e9rios o \u00edndice pluviom\u00e9trico, o \u00edndice de aridez e o risco de\u00a0<a href=\"https://pt.wikipedia.org/wiki/Seca\" title=\"Seca\">seca</a>.</p>\r\n<h2><span id=\"S.C3.ADmbolos\"></span><span class=\"mw-headline\" id=\"S\u00edmbolos\">S\u00edmbolos</span></h2>\r\n<p style=\"text-align: justify; \">A bandeira de municipal \u00e9 de cor branca tendo \u00e0 esquerda o bras\u00e3o que tem em seu interior a representa\u00e7\u00e3o do Rio Piranhas que corta o munic\u00edpio. O bras\u00e3o est\u00e1 ladeado de ramas de algod\u00e3o e de oiticica que foram no passado mais importante fonte de renda para a popula\u00e7\u00e3o, e acima deste se encontra uma estrela que simboliza a cidade de Paulista. Encontramos tamb\u00e9m \u00e0 direita duas faixas de cor negra que simbolizam o luto pela morte dos prefeitos C\u00e2ndido de Assis Queiroga, Raimundo Barbosa de Almeida e Pedro F\u00e9lix de Medeiros.</p>\r\n<p>\u00a0<span>\u00a0</span><img src=\"https://www.paulista.pb.leg.br/imagens/bandeira_municipaloficial.jpg/@@images/95f443a4-209d-4578-81e8-94a4a0aa55e8.jpeg\" alt=\"\" class=\"image-inline\" title=\"\" /></p>\r\n<p><strong>Bandeira Municipal</strong></p>\r\n<p><strong><br /></strong></p>\r\n<h2>Anivers\u00e1rio: 31 de dezembro de 1961</h2>\r\n<h2></h2>\r\n<h2>Gent\u00edlico:\u00a0<i>paulistense</i></h2>\r\n<h2><span class=\"mw-headline\"><br /></span></h2>\r\n<h2><span class=\"mw-headline\" id=\"Cultura\">Cultura</span></h2>\r\n<h4><span class=\"mw-headline\" id=\"Personalidades_e_filhos_ilustres\">Personalidades e filhos ilustres</span></h4>\r\n<ul>\r\n<li>Belarmino Fernandes de Fran\u00e7a - poeta muito conhecido no\u00a0<a href=\"https://pt.wikipedia.org/wiki/Regi%C3%A3o_Nordeste_do_Brasil\" title=\"Regi\u00e3o Nordeste do Brasil\">Nordeste</a>\u00a0nascido no S\u00edtio V\u00e1rzea da Serra;<sup class=\"reference\" id=\"cite_ref-13\"><a href=\"https://pt.wikipedia.org/wiki/Paulista_(Para%C3%ADba)#cite_note-13\"><span>[</span>13<span>]</span></a></sup></li>\r\n<li><a href=\"https://pt.wikipedia.org/wiki/Leandro_Gomes_de_Barros\" title=\"Leandro Gomes de Barros\">Leandro Gomes de Barros</a>\u00a0- um dos maiores poetas nordestinos, considerado criador do movimento de cordel no pa\u00eds;</li>\r\n<li>Padre Solon Dantas de Fran\u00e7a - sacerdote cat\u00f3lico e um dos maiores l\u00edderes religiosos do\u00a0<a href=\"https://pt.wikipedia.org/wiki/Sert%C3%A3o_Paraibano\" title=\"Sert\u00e3o Paraibano\">Sert\u00e3o Paraibano</a>;<sup class=\"reference\" id=\"cite_ref-14\"><a href=\"https://pt.wikipedia.org/wiki/Paulista_(Para%C3%ADba)#cite_note-14\"><span>[</span>14<span>]</span></a></sup></li>\r\n<li><a href=\"https://pt.wikipedia.org/wiki/Socorro_Marques\" title=\"Socorro Marques\">Maria do Socorro Marques</a>\u00a0- pol\u00edtica e ex-deputada.</li>\r\n</ul>\r\n<div></div>\r\n<div><img src=\"https://www.paulista.pb.leg.br/imagens/localizacao_paulista_pb.png/@@images/8ec75398-3c41-414a-8102-827b3a8f891a.png\" alt=\"\" class=\"image-inline\" title=\"\" /></div>\r\n<div><strong>Localiza\u00e7\u00e3o de Paulista na Para\u00edba</strong></div>\r\n<p><strong><br /></strong></p>\r\n<p><strong>Caracter\u00edsticas geogr\u00e1ficas</strong></p>\r\n<p>\u00c1rea total\u00a0 576,880 km\u00b2</p>\r\n<p><br /><strong>Popula\u00e7\u00e3o total</strong> (IBGE/2010[4]) 12 260 hab.<br />Densidade 21,3 hab./km\u00b2<br /><strong></strong></p>\r\n<p><strong>Clima</strong> semi\u00e1rido (quente e seco) com chuvas de ver\u00e3o e outono<br />Altitude 160 m</p>\r\n<p><strong><img src=\"https://www.paulista.pb.leg.br/imagens/cidade_paulista.jpg/@@images/ff3c7963-bc79-4b29-aa73-d111d566d23d.jpeg\" alt=\"\" class=\"image-inline\" title=\"\" /></strong></p>\r\n<p>Fonte: IBGE</p>", "author_name": "", "version": "1.0", "author_url": "https://www.paulista.pb.leg.br/author/admin", "provider_name": "C\u00e2mara Municipal de Paulista", "type": "rich"}